{"id":1721,"date":"2009-12-20T09:00:12","date_gmt":"2009-12-20T07:00:12","guid":{"rendered":"http:\/\/www.elrentaplats.cat\/blog\/?p=1721"},"modified":"2009-12-20T09:00:12","modified_gmt":"2009-12-20T07:00:12","slug":"crisi-dels-30","status":"publish","type":"post","link":"https:\/\/www.francescbalague.com\/blog\/2009\/12\/20\/crisi-dels-30\/","title":{"rendered":"Crisi dels 30?"},"content":{"rendered":"<p><img decoding=\"async\" loading=\"lazy\" src=\"http:\/\/farm1.static.flickr.com\/22\/30239073_7564ffa895.jpg\" alt=\"\" width=\"600\" height=\"241\" \/><\/p>\n<p style=\"text-align: justify;\">Aix\u00f2 em vaig preguntar quan veia que s&#8217;acostava la data en la que canviaria el dos pel tres&#8230; per\u00f2 crec que totes les crisis s\u00f3n subjectives, cadasc\u00fa se les pot mirar des de diferents punts de vista&#8230; Tamb\u00e9 diuen que les crisis s\u00f3n moments de canvi, moments de noves oportunitats&#8230; i porto 9 mesos treballant en un congr\u00e9s el lema del qual era aix\u00f2 mateix&#8230;<\/p>\n<p style=\"text-align: justify;\">Aix\u00ed que, sense saber si tindr\u00e9 la crisi dels 30 o no, avui ho celebro!! I per evitar aquesta crisi, m&#8217;he anticipat i decidit que ho celebraria de manera diferent. Porto mooolts anys estudiant, treballant, i viatjant per plaer en les estones lliures i he decidit invertir aquests conceptes i passar moooolt temps viatjant, i a les estones lliures, treballar&#8230; i seguir aprenent SEMPRE.<\/p>\n<p style=\"text-align: justify;\">D&#8217;aqu\u00ed dos mesos, m&#8217;embarcar\u00e9 en un llarg viatge, una experi\u00e8ncia d&#8217;aprenentatge, a con\u00e8ixer nous llocs i noves persones&#8230; Tot i que marxo sol, no \u00e9s un viatge en solitari. Per una banda, ho compartir\u00e9 tot amb els qui vulgueu anar llegint el dia a dia d&#8217;aquesta experi\u00e8ncia. I alhora, m&#8217;he proposat anar trobant persones que formin part de la meva xarxa de contactes <a href=\"http:\/\/www.rutabaobab.com\/2009\/12\/la-teoria-dels-6-graus-de-separacio-i-els-viatges\/\">(seguint la teoria dels 6 graus de separaci\u00f3<\/a>) per a con\u00e8ixer de prop el seu pa\u00eds, la seva cultura, la seva gent&#8230;<\/p>\n<p style=\"text-align: justify;\">I a m\u00e9s a m\u00e9s, des de fa uns mesos, que hem constitu\u00eft <a href=\"http:\/\/www.trendtrotters.com\">TrendTrotters<\/a>, una organitzaci\u00f3 que estableix relacions entre viatgers i institucions interessades en certa informaci\u00f3 que aquests viatgers els puguin anar proporcionant dels llocs visitats, ajudant aix\u00ed a finan\u00e7ar part del viatge.<\/p>\n<p style=\"text-align: justify;\">Tinc previst marxar a finals de febrer, i tota la informaci\u00f3 l&#8217;anir\u00e9 recollint al blog Ruta Baobab, on de moment recullo informaci\u00f3 \u00fatil i en <a title=\"http:\/\/www.rutabaobab.com\/qui\/\" href=\"http:\/\/www.rutabaobab.com\/qui\/\">aquesta p\u00e0gina d&#8217;introducci\u00f3<\/a> explico una mica m\u00e9s el viatge.<\/p>\n<p style=\"text-align: justify;\">\n<p><img decoding=\"async\" src=\"http:\/\/www.elrentaplats.cat\/blog\/wp-content\/imatges\/rutabaobab2.png\" alt=\"ruta baobab\" \/><\/p>\n<blockquote>\n<p style=\"text-align: justify;\">Foto motxilles CC: <a href=\"http:\/\/www.flickr.com\/photos\/alektoeumenides\/30239073\/\">Alektoeumenides<\/a><\/p>\n<\/blockquote>\n","protected":false},"excerpt":{"rendered":"<p>Aix\u00f2 em vaig preguntar quan veia que s&#8217;acostava la data en la que canviaria el dos pel tres&#8230; per\u00f2 crec que totes les crisis s\u00f3n subjectives, cadasc\u00fa se les pot mirar des de diferents punts de vista&#8230; Tamb\u00e9 diuen que &hellip; <a href=\"https:\/\/www.francescbalague.com\/blog\/2009\/12\/20\/crisi-dels-30\/\"><em>Continue&nbsp;reading&nbsp;<span class=\"meta-nav\">&rarr;<\/span><\/em><\/a><\/p>\n","protected":false},"author":1,"featured_media":0,"comment_status":"open","ping_status":"open","sticky":false,"template":"","format":"standard","meta":[],"categories":[12],"tags":[367,381,451,460],"jetpack_featured_media_url":"","_links":{"self":[{"href":"https:\/\/www.francescbalague.com\/blog\/wp-json\/wp\/v2\/posts\/1721"}],"collection":[{"href":"https:\/\/www.francescbalague.com\/blog\/wp-json\/wp\/v2\/posts"}],"about":[{"href":"https:\/\/www.francescbalague.com\/blog\/wp-json\/wp\/v2\/types\/post"}],"author":[{"embeddable":true,"href":"https:\/\/www.francescbalague.com\/blog\/wp-json\/wp\/v2\/users\/1"}],"replies":[{"embeddable":true,"href":"https:\/\/www.francescbalague.com\/blog\/wp-json\/wp\/v2\/comments?post=1721"}],"version-history":[{"count":0,"href":"https:\/\/www.francescbalague.com\/blog\/wp-json\/wp\/v2\/posts\/1721\/revisions"}],"wp:attachment":[{"href":"https:\/\/www.francescbalague.com\/blog\/wp-json\/wp\/v2\/media?parent=1721"}],"wp:term":[{"taxonomy":"category","embeddable":true,"href":"https:\/\/www.francescbalague.com\/blog\/wp-json\/wp\/v2\/categories?post=1721"},{"taxonomy":"post_tag","embeddable":true,"href":"https:\/\/www.francescbalague.com\/blog\/wp-json\/wp\/v2\/tags?post=1721"}],"curies":[{"name":"wp","href":"https:\/\/api.w.org\/{rel}","templated":true}]}}