{"id":701,"date":"2008-12-09T18:40:41","date_gmt":"2008-12-09T17:40:41","guid":{"rendered":"http:\/\/www.elrentaplats.cat\/blog\/?p=701"},"modified":"2008-12-09T18:40:41","modified_gmt":"2008-12-09T17:40:41","slug":"idees-diferents-de-compres-per-nadal","status":"publish","type":"post","link":"https:\/\/www.francescbalague.com\/blog\/2008\/12\/09\/idees-diferents-de-compres-per-nadal\/","title":{"rendered":"Idees diferents de compres per Nadal"},"content":{"rendered":"<p><a title=\"Les enfants (VI) by elrentaplats, on Flickr\" href=\"http:\/\/www.flickr.com\/photos\/elrentaplats\/2280665361\/\"><img decoding=\"async\" loading=\"lazy\" class=\"alignright\" src=\"http:\/\/farm4.static.flickr.com\/3238\/2280665361_7003d79515_m.jpg\" alt=\"Les enfants (VI)\" width=\"240\" height=\"160\" \/><\/a><\/p>\n<p style=\"text-align: justify;\">Si b\u00e9 volia acabar el post proposant com a regal una donaci\u00f3\/subscripci\u00f3 a qualsevol ONG, crec que \u00e9s un regal m\u00e9s interessant que tots aquests altres que volia proposar, i\u00a0 per tant el\u00a0 col\u00b7loco en primer lloc: podeu regalar des d\u2019un apadrinament per un any, fins a una subscripci\u00f3 a una ONG o donaci\u00f3 espor\u00e0dica pel valor que considereu.<\/p>\n<p><a title=\"Les enfants (VI) by elrentaplats, on Flickr\" href=\"http:\/\/www.flickr.com\/photos\/elrentaplats\/2280665361\/\"><br \/>\n<\/a><\/p>\n<p style=\"text-align: justify;\">Per\u00f2 altres idees, sense sortir de casa, que amb quatre clics podem fer algunes compres \u201csolid\u00e0ries\u201d:<\/p>\n<p>Greenpeace: <a title=\"http:\/\/www.tienda.greenpeace.es\/home.php\" href=\"http:\/\/www.tienda.greenpeace.es\/home.php\">http:\/\/www.tienda.greenpeace.es\/home.php<\/a><br \/>\nInterm\u00f3n: <a title=\"http:\/\/www.intermonoxfam.org\/tienda\/\" href=\"http:\/\/www.intermonoxfam.org\/tienda\/\">http:\/\/www.intermonoxfam.org\/tienda\/<\/a><br \/>\nM\u00e9dicos Sin Fronteras: <a title=\"http:\/\/www.msf.es\/participa\/tienda\/index.asp\" href=\"http:\/\/www.msf.es\/participa\/tienda\/index.asp\">http:\/\/www.msf.es\/participa\/tienda\/index.asp<\/a><br \/>\nPallassos sense fronteres: <a title=\"http:\/\/www.clowns.org\/productos.php\" href=\"http:\/\/www.clowns.org\/productos.php\">http:\/\/www.clowns.org\/productos.php<\/a><br \/>\nSetem (en construcci\u00f3): <a title=\"http:\/\/www.comerciojusto.com\/\" href=\"http:\/\/www.comerciojusto.com\/\">http:\/\/www.comerciojusto.com\/<\/a><br \/>\nAmnistia Internacional: <a title=\"https:\/\/www.es.amnesty.org\/ssl\/tienda\/\" href=\"https:\/\/www.es.amnesty.org\/ssl\/tienda\/\">https:\/\/www.es.amnesty.org\/ssl\/tienda\/<\/a><br \/>\nUnicef: <a title=\"http:\/\/tienda.unicef.es\/\" href=\"http:\/\/tienda.unicef.es\/\">http:\/\/tienda.unicef.es\/<\/a><br \/>\nCamisetaSolidaria: <a title=\"http:\/\/www.camisetasolidaria.com\/\" href=\"http:\/\/www.camisetasolidaria.com\/\">http:\/\/www.camisetasolidaria.com\/<\/a><br \/>\nSave the Children: <a title=\"http:\/\/www.savethechildren.es\/tienda\/\" href=\"http:\/\/www.savethechildren.es\/tienda\/\">http:\/\/www.savethechildren.es\/tienda\/<\/a><\/p>\n<p style=\"text-align: justify;\">I com que tot el qu\u00e8 a un se li pugui oc\u00f3rrer (un portal que reculli aquestes botigues, per exemple) alg\u00fa ho altre ja hi ha pensat, <a title=\"http:\/\/www.tupatrocinio.com\/tienda-solidaria\/tiendas-solidarias.cfm\" href=\"http:\/\/www.tupatrocinio.com\/tienda-solidaria\/tiendas-solidarias.cfm\">aqu\u00ed<\/a> en recullen algunes m\u00e9s.<\/p>\n<p>De tots aquests llocs, fent una ullada r\u00e0pida, en destaco:<\/p>\n<p><a title=\"http:\/\/www.tienda.greenpeace.es\/Catalogo\/productos.php?id=24\" href=\"http:\/\/www.tienda.greenpeace.es\/Catalogo\/productos.php?id=24\">Un DVD sobre els oceans<\/a><\/p>\n<p><a title=\"http:\/\/www.tienda.greenpeace.es\/Catalogo\/productos.php?id=16\" href=\"http:\/\/www.tienda.greenpeace.es\/Catalogo\/productos.php?id=16\">Samarreta energia positiva<\/a><\/p>\n<p><a title=\"http:\/\/tienda.unicef.es\/hogar_y_artesania\/tazas_con_rayas_sol___cielo\/\" href=\"http:\/\/tienda.unicef.es\/hogar_y_artesania\/tazas_con_rayas_sol___cielo\/\">Tasses d\u2019esmorzar<\/a><\/p>\n<p><a title=\"http:\/\/www.camisetasolidaria.com\/index.php?target=products&amp;product_id=29878&amp;link_list=&amp;product_count=&amp;parent_id=\" href=\"http:\/\/www.camisetasolidaria.com\/index.php?target=products&amp;product_id=29878&amp;link_list=&amp;product_count=&amp;parent_id=\">Samarreta Rangoli &#8211; fundaci\u00f3n vicente Ferrer<\/a><\/p>\n<p>Per\u00f2 torno al que deia al principi, un regal diferent pot ser un apadrinament o una subscripci\u00f3 a qualsevol d&#8217;aquestes organitzacions<\/p>\n<p>I per acabar amb una mica de reflexi\u00f3 personal, <a title=\"http:\/\/martapiqs.wordpress.com\/2008\/10\/22\/no-al-consum-per-nadal\/\" href=\"http:\/\/martapiqs.wordpress.com\/2008\/10\/22\/no-al-consum-per-nadal\/\">la Marta<\/a> feia refer\u00e8ncia a la iniciativa de <a title=\"http:\/\/www.flylosophy.com\/2005\/12\/feliz-navidad-vs-felices-fiestas.html\" href=\"http:\/\/www.flylosophy.com\/2005\/12\/feliz-navidad-vs-felices-fiestas.html\">resist\u00e8ncia al Nadal, contra el consumisme i la compra compulsiva<\/a>.<\/p>\n","protected":false},"excerpt":{"rendered":"<p>Si b\u00e9 volia acabar el post proposant com a regal una donaci\u00f3\/subscripci\u00f3 a qualsevol ONG, crec que \u00e9s un regal m\u00e9s interessant que tots aquests altres que volia proposar, i\u00a0 per tant el\u00a0 col\u00b7loco en primer lloc: podeu regalar des &hellip; <a href=\"https:\/\/www.francescbalague.com\/blog\/2008\/12\/09\/idees-diferents-de-compres-per-nadal\/\"><em>Continue&nbsp;reading&nbsp;<span class=\"meta-nav\">&rarr;<\/span><\/em><\/a><\/p>\n","protected":false},"author":1,"featured_media":0,"comment_status":"open","ping_status":"open","sticky":false,"template":"","format":"standard","meta":[],"categories":[5,12],"tags":[294,390],"jetpack_featured_media_url":"","_links":{"self":[{"href":"https:\/\/www.francescbalague.com\/blog\/wp-json\/wp\/v2\/posts\/701"}],"collection":[{"href":"https:\/\/www.francescbalague.com\/blog\/wp-json\/wp\/v2\/posts"}],"about":[{"href":"https:\/\/www.francescbalague.com\/blog\/wp-json\/wp\/v2\/types\/post"}],"author":[{"embeddable":true,"href":"https:\/\/www.francescbalague.com\/blog\/wp-json\/wp\/v2\/users\/1"}],"replies":[{"embeddable":true,"href":"https:\/\/www.francescbalague.com\/blog\/wp-json\/wp\/v2\/comments?post=701"}],"version-history":[{"count":0,"href":"https:\/\/www.francescbalague.com\/blog\/wp-json\/wp\/v2\/posts\/701\/revisions"}],"wp:attachment":[{"href":"https:\/\/www.francescbalague.com\/blog\/wp-json\/wp\/v2\/media?parent=701"}],"wp:term":[{"taxonomy":"category","embeddable":true,"href":"https:\/\/www.francescbalague.com\/blog\/wp-json\/wp\/v2\/categories?post=701"},{"taxonomy":"post_tag","embeddable":true,"href":"https:\/\/www.francescbalague.com\/blog\/wp-json\/wp\/v2\/tags?post=701"}],"curies":[{"name":"wp","href":"https:\/\/api.w.org\/{rel}","templated":true}]}}